{"id":569,"date":"2019-04-09T12:08:17","date_gmt":"2019-04-09T12:08:17","guid":{"rendered":"http:\/\/sagradopontevedra.es\/biblioteca\/?p=569"},"modified":"2019-04-09T12:08:17","modified_gmt":"2019-04-09T12:08:17","slug":"ganadores-do-recanto-da-poesia","status":"publish","type":"post","link":"https:\/\/sagradopontevedra.es\/biblioteca\/uncategorized\/ganadores-do-recanto-da-poesia\/","title":{"rendered":"GA\u00d1ADORES DO RECANTO DA POES\u00cdA !!!"},"content":{"rendered":"\n<p class=\"has-text-color has-background has-medium-font-size has-very-dark-gray-color has-very-light-gray-background-color\">Parab\u00e9ns aos ga\u00f1adores do concurso RECANTO DA POES\u00cdA. <br>Agora toca disfrutar do premio.<\/p>\n\n\n\n<ul class=\"wp-block-gallery columns-1 is-cropped wp-block-gallery-1 is-layout-flex wp-block-gallery-is-layout-flex\"><li class=\"blocks-gallery-item\"><figure><img loading=\"lazy\" decoding=\"async\" width=\"768\" height=\"1024\" src=\"http:\/\/sagradopontevedra.es\/biblioteca\/wp-content\/uploads\/2019\/04\/IMG-20190409-WA0004-768x1024.jpg\" alt=\"\" data-id=\"570\" data-link=\"http:\/\/sagradopontevedra.es\/biblioteca\/?attachment_id=570\" class=\"wp-image-570\" srcset=\"https:\/\/sagradopontevedra.es\/biblioteca\/wp-content\/uploads\/2019\/04\/IMG-20190409-WA0004-768x1024.jpg 768w, https:\/\/sagradopontevedra.es\/biblioteca\/wp-content\/uploads\/2019\/04\/IMG-20190409-WA0004-225x300.jpg 225w, https:\/\/sagradopontevedra.es\/biblioteca\/wp-content\/uploads\/2019\/04\/IMG-20190409-WA0004-203x270.jpg 203w, https:\/\/sagradopontevedra.es\/biblioteca\/wp-content\/uploads\/2019\/04\/IMG-20190409-WA0004.jpg 1200w\" sizes=\"auto, (max-width: 768px) 100vw, 768px\" \/><\/figure><\/li><li class=\"blocks-gallery-item\"><figure><img loading=\"lazy\" decoding=\"async\" width=\"1024\" height=\"768\" src=\"http:\/\/sagradopontevedra.es\/biblioteca\/wp-content\/uploads\/2019\/04\/IMG-20190409-WA0000-1024x768.jpg\" alt=\"\" data-id=\"571\" data-link=\"http:\/\/sagradopontevedra.es\/biblioteca\/?attachment_id=571\" class=\"wp-image-571\" srcset=\"https:\/\/sagradopontevedra.es\/biblioteca\/wp-content\/uploads\/2019\/04\/IMG-20190409-WA0000-1024x768.jpg 1024w, https:\/\/sagradopontevedra.es\/biblioteca\/wp-content\/uploads\/2019\/04\/IMG-20190409-WA0000-300x225.jpg 300w, https:\/\/sagradopontevedra.es\/biblioteca\/wp-content\/uploads\/2019\/04\/IMG-20190409-WA0000-768x576.jpg 768w, https:\/\/sagradopontevedra.es\/biblioteca\/wp-content\/uploads\/2019\/04\/IMG-20190409-WA0000-360x270.jpg 360w, https:\/\/sagradopontevedra.es\/biblioteca\/wp-content\/uploads\/2019\/04\/IMG-20190409-WA0000.jpg 1600w\" sizes=\"auto, (max-width: 1024px) 100vw, 1024px\" \/><\/figure><\/li><\/ul>\n","protected":false},"excerpt":{"rendered":"<p>Parab\u00e9ns aos ga\u00f1adores do concurso RECANTO DA POES\u00cdA. Agora toca disfrutar do premio.<\/p>\n","protected":false},"author":7,"featured_media":0,"comment_status":"open","ping_status":"open","sticky":false,"template":"","format":"standard","meta":{"footnotes":""},"categories":[1],"tags":[61,42,62,69],"class_list":["post-569","post","type-post","status-publish","format-standard","hentry","category-uncategorized","tag-concurso","tag-curso-2018-2019","tag-poesia","tag-recanto-da-poesia"],"_links":{"self":[{"href":"https:\/\/sagradopontevedra.es\/biblioteca\/wp-json\/wp\/v2\/posts\/569","targetHints":{"allow":["GET"]}}],"collection":[{"href":"https:\/\/sagradopontevedra.es\/biblioteca\/wp-json\/wp\/v2\/posts"}],"about":[{"href":"https:\/\/sagradopontevedra.es\/biblioteca\/wp-json\/wp\/v2\/types\/post"}],"author":[{"embeddable":true,"href":"https:\/\/sagradopontevedra.es\/biblioteca\/wp-json\/wp\/v2\/users\/7"}],"replies":[{"embeddable":true,"href":"https:\/\/sagradopontevedra.es\/biblioteca\/wp-json\/wp\/v2\/comments?post=569"}],"version-history":[{"count":1,"href":"https:\/\/sagradopontevedra.es\/biblioteca\/wp-json\/wp\/v2\/posts\/569\/revisions"}],"predecessor-version":[{"id":572,"href":"https:\/\/sagradopontevedra.es\/biblioteca\/wp-json\/wp\/v2\/posts\/569\/revisions\/572"}],"wp:attachment":[{"href":"https:\/\/sagradopontevedra.es\/biblioteca\/wp-json\/wp\/v2\/media?parent=569"}],"wp:term":[{"taxonomy":"category","embeddable":true,"href":"https:\/\/sagradopontevedra.es\/biblioteca\/wp-json\/wp\/v2\/categories?post=569"},{"taxonomy":"post_tag","embeddable":true,"href":"https:\/\/sagradopontevedra.es\/biblioteca\/wp-json\/wp\/v2\/tags?post=569"}],"curies":[{"name":"wp","href":"https:\/\/api.w.org\/{rel}","templated":true}]}}