{"id":333,"date":"2018-10-24T05:54:46","date_gmt":"2018-10-24T05:54:46","guid":{"rendered":"http:\/\/sagradopontevedra.es\/biblioteca\/?p=333"},"modified":"2018-10-24T09:12:16","modified_gmt":"2018-10-24T09:12:16","slug":"dia-das-bibliotecas-escolares","status":"publish","type":"post","link":"https:\/\/sagradopontevedra.es\/biblioteca\/uncategorized\/dia-das-bibliotecas-escolares\/","title":{"rendered":"D\u00eda das bibliotecas escolares"},"content":{"rendered":"<h3><span style=\"color: #000080;\">Queridos\/as amigos\/as da biblioteca do Sagrado:<\/span><\/h3>\n<h3><span style=\"color: #000080;\">Hoxe 24 de outubro \u00e9 unha data moi especial para n\u00f3s por dobre motivo.<\/span><\/h3>\n<h3><span style=\"color: #000080;\">Por un lado celebramos o d\u00eda das bibliotecas escolares, para po\u00f1er en valor o papel fundamental e imprescindible que xogan estes espazos nos centros educativos; e por outro lado este \u00e9 o noso primeiro aniversario.<\/span><\/h3>\n<p><a href=\"http:\/\/sagradopontevedra.es\/biblioteca\/wp-content\/uploads\/2018\/10\/Estamos-deaniversario.jpg\"><img loading=\"lazy\" decoding=\"async\" class=\"aligncenter size-medium wp-image-336\" src=\"http:\/\/sagradopontevedra.es\/biblioteca\/wp-content\/uploads\/2018\/10\/Estamos-deaniversario-212x300.jpg\" alt=\"\" width=\"212\" height=\"300\" srcset=\"https:\/\/sagradopontevedra.es\/biblioteca\/wp-content\/uploads\/2018\/10\/Estamos-deaniversario-212x300.jpg 212w, https:\/\/sagradopontevedra.es\/biblioteca\/wp-content\/uploads\/2018\/10\/Estamos-deaniversario-768x1086.jpg 768w, https:\/\/sagradopontevedra.es\/biblioteca\/wp-content\/uploads\/2018\/10\/Estamos-deaniversario-724x1024.jpg 724w, https:\/\/sagradopontevedra.es\/biblioteca\/wp-content\/uploads\/2018\/10\/Estamos-deaniversario-191x270.jpg 191w, https:\/\/sagradopontevedra.es\/biblioteca\/wp-content\/uploads\/2018\/10\/Estamos-deaniversario.jpg 1587w\" sizes=\"auto, (max-width: 212px) 100vw, 212px\" \/><\/a><\/p>\n<h3><span style=\"color: #000080;\">Hai un ano que comezamos esta aventura e queremos agradecer a toda a comunidade educativa o seu apoio: \u00e1 direcci\u00f3n do centro, aos voluntari@s que nos\u00a0 prestan tanta axuda, ao profesorado, aos pais e nais e por suposto a todos os nen@s e moz@s que con tanto agarimo ve\u00f1en \u00e1 nosa biblioteca.<\/span><\/h3>\n<h3><span style=\"color: #000080;\">Por iso, hoxe cando vos acheguedes \u00e1 biblioteca, recibiredes un pequeno agasallo.<\/span><\/h3>\n<p><a href=\"http:\/\/sagradopontevedra.es\/biblioteca\/wp-content\/uploads\/2018\/10\/IMG-20181024-WA0001.jpg\"><img loading=\"lazy\" decoding=\"async\" class=\"aligncenter size-medium wp-image-337\" src=\"http:\/\/sagradopontevedra.es\/biblioteca\/wp-content\/uploads\/2018\/10\/IMG-20181024-WA0001-300x225.jpg\" alt=\"\" width=\"300\" height=\"225\" srcset=\"https:\/\/sagradopontevedra.es\/biblioteca\/wp-content\/uploads\/2018\/10\/IMG-20181024-WA0001-300x225.jpg 300w, https:\/\/sagradopontevedra.es\/biblioteca\/wp-content\/uploads\/2018\/10\/IMG-20181024-WA0001-768x576.jpg 768w, https:\/\/sagradopontevedra.es\/biblioteca\/wp-content\/uploads\/2018\/10\/IMG-20181024-WA0001-1024x768.jpg 1024w, https:\/\/sagradopontevedra.es\/biblioteca\/wp-content\/uploads\/2018\/10\/IMG-20181024-WA0001-360x270.jpg 360w, https:\/\/sagradopontevedra.es\/biblioteca\/wp-content\/uploads\/2018\/10\/IMG-20181024-WA0001.jpg 1600w\" sizes=\"auto, (max-width: 300px) 100vw, 300px\" \/><\/a><\/p>\n<h3><span style=\"color: #000080;\">Aqu\u00ed vos deixamos un resumo do traballo feito durante este ano.<\/span><\/h3>\n<p><iframe loading=\"lazy\" title=\"Biblioteca Sagrado 2017-2018\" width=\"640\" height=\"360\" src=\"https:\/\/www.youtube.com\/embed\/x4dBiS6ym04?feature=oembed\" frameborder=\"0\" allow=\"accelerometer; autoplay; clipboard-write; encrypted-media; gyroscope; picture-in-picture; web-share\" referrerpolicy=\"strict-origin-when-cross-origin\" allowfullscreen><\/iframe><\/p>\n<h2><span style=\"color: #000080;\">MOITAS GRAZAS!<\/span><\/h2>\n","protected":false},"excerpt":{"rendered":"<p>Queridos\/as amigos\/as da biblioteca do Sagrado: Hoxe 24 de outubro \u00e9 unha data moi especial para n\u00f3s por dobre motivo. Por un lado celebramos o d\u00eda das bibliotecas escolares, para po\u00f1er en valor o papel fundamental e imprescindible que xogan estes espazos nos centros educativos; e por outro lado este \u00e9 o noso primeiro aniversario. Hai un ano que comezamos esta aventura e queremos agradecer a toda a comunidade educativa o seu apoio: \u00e1 direcci\u00f3n do centro, aos voluntari@s que&#8230;<\/p>\n<p class=\"read-more\"><a class=\"btn btn-default\" href=\"https:\/\/sagradopontevedra.es\/biblioteca\/uncategorized\/dia-das-bibliotecas-escolares\/\"> Leer m\u00e1s<span class=\"screen-reader-text\">  Leer m\u00e1s<\/span><\/a><\/p>\n","protected":false},"author":7,"featured_media":0,"comment_status":"open","ping_status":"open","sticky":false,"template":"","format":"standard","meta":{"footnotes":""},"categories":[1],"tags":[45,42],"class_list":["post-333","post","type-post","status-publish","format-standard","hentry","category-uncategorized","tag-aniversario","tag-curso-2018-2019"],"_links":{"self":[{"href":"https:\/\/sagradopontevedra.es\/biblioteca\/wp-json\/wp\/v2\/posts\/333","targetHints":{"allow":["GET"]}}],"collection":[{"href":"https:\/\/sagradopontevedra.es\/biblioteca\/wp-json\/wp\/v2\/posts"}],"about":[{"href":"https:\/\/sagradopontevedra.es\/biblioteca\/wp-json\/wp\/v2\/types\/post"}],"author":[{"embeddable":true,"href":"https:\/\/sagradopontevedra.es\/biblioteca\/wp-json\/wp\/v2\/users\/7"}],"replies":[{"embeddable":true,"href":"https:\/\/sagradopontevedra.es\/biblioteca\/wp-json\/wp\/v2\/comments?post=333"}],"version-history":[{"count":5,"href":"https:\/\/sagradopontevedra.es\/biblioteca\/wp-json\/wp\/v2\/posts\/333\/revisions"}],"predecessor-version":[{"id":342,"href":"https:\/\/sagradopontevedra.es\/biblioteca\/wp-json\/wp\/v2\/posts\/333\/revisions\/342"}],"wp:attachment":[{"href":"https:\/\/sagradopontevedra.es\/biblioteca\/wp-json\/wp\/v2\/media?parent=333"}],"wp:term":[{"taxonomy":"category","embeddable":true,"href":"https:\/\/sagradopontevedra.es\/biblioteca\/wp-json\/wp\/v2\/categories?post=333"},{"taxonomy":"post_tag","embeddable":true,"href":"https:\/\/sagradopontevedra.es\/biblioteca\/wp-json\/wp\/v2\/tags?post=333"}],"curies":[{"name":"wp","href":"https:\/\/api.w.org\/{rel}","templated":true}]}}