{"id":288,"date":"2018-09-30T20:21:01","date_gmt":"2018-09-30T20:21:01","guid":{"rendered":"http:\/\/sagradopontevedra.es\/biblioteca\/?p=288"},"modified":"2018-10-10T11:46:23","modified_gmt":"2018-10-10T11:46:23","slug":"dia-europeo-das-linguas","status":"publish","type":"post","link":"https:\/\/sagradopontevedra.es\/biblioteca\/uncategorized\/dia-europeo-das-linguas\/","title":{"rendered":"D\u00eda europeo das l\u00ednguas"},"content":{"rendered":"<p>&nbsp;<\/p>\n<p>O 26 de setembro cel\u00e9brase o d\u00eda europeo das l\u00ednguas. Cunha sinxela actividade recordamos que a diversidade ling\u00fc\u00edstica \u00e9 un tesouro que hai que coidar e valorar.<\/p>\n<p>&nbsp;<\/p>\n<div id='gallery-1' class='gallery galleryid-288 gallery-columns-3 gallery-size-medium'><figure class='gallery-item'>\n\t\t\t<div class='gallery-icon portrait'>\n\t\t\t\t<a href='https:\/\/sagradopontevedra.es\/biblioteca\/uncategorized\/dia-europeo-das-linguas\/attachment\/diversidade-linguistica\/'><img loading=\"lazy\" decoding=\"async\" width=\"225\" height=\"300\" src=\"https:\/\/sagradopontevedra.es\/biblioteca\/wp-content\/uploads\/2018\/09\/Diversidade-ling\u00fc\u00edstica-225x300.jpg\" class=\"attachment-medium size-medium\" alt=\"\" srcset=\"https:\/\/sagradopontevedra.es\/biblioteca\/wp-content\/uploads\/2018\/09\/Diversidade-ling\u00fc\u00edstica-225x300.jpg 225w, https:\/\/sagradopontevedra.es\/biblioteca\/wp-content\/uploads\/2018\/09\/Diversidade-ling\u00fc\u00edstica-203x270.jpg 203w, https:\/\/sagradopontevedra.es\/biblioteca\/wp-content\/uploads\/2018\/09\/Diversidade-ling\u00fc\u00edstica.jpg 720w\" sizes=\"auto, (max-width: 225px) 100vw, 225px\" \/><\/a>\n\t\t\t<\/div><\/figure><figure class='gallery-item'>\n\t\t\t<div class='gallery-icon landscape'>\n\t\t\t\t<a href='https:\/\/sagradopontevedra.es\/biblioteca\/uncategorized\/dia-europeo-das-linguas\/attachment\/img-20180929-wa0013\/'><img loading=\"lazy\" decoding=\"async\" width=\"300\" height=\"225\" src=\"https:\/\/sagradopontevedra.es\/biblioteca\/wp-content\/uploads\/2018\/09\/IMG-20180929-WA0013-300x225.jpg\" class=\"attachment-medium size-medium\" alt=\"\" srcset=\"https:\/\/sagradopontevedra.es\/biblioteca\/wp-content\/uploads\/2018\/09\/IMG-20180929-WA0013-300x225.jpg 300w, https:\/\/sagradopontevedra.es\/biblioteca\/wp-content\/uploads\/2018\/09\/IMG-20180929-WA0013-768x576.jpg 768w, https:\/\/sagradopontevedra.es\/biblioteca\/wp-content\/uploads\/2018\/09\/IMG-20180929-WA0013-1024x768.jpg 1024w, https:\/\/sagradopontevedra.es\/biblioteca\/wp-content\/uploads\/2018\/09\/IMG-20180929-WA0013-360x270.jpg 360w, https:\/\/sagradopontevedra.es\/biblioteca\/wp-content\/uploads\/2018\/09\/IMG-20180929-WA0013.jpg 1599w\" sizes=\"auto, (max-width: 300px) 100vw, 300px\" \/><\/a>\n\t\t\t<\/div><\/figure><figure class='gallery-item'>\n\t\t\t<div class='gallery-icon portrait'>\n\t\t\t\t<a href='https:\/\/sagradopontevedra.es\/biblioteca\/uncategorized\/dia-europeo-das-linguas\/attachment\/img-20180929-wa0012\/'><img loading=\"lazy\" decoding=\"async\" width=\"225\" height=\"300\" src=\"https:\/\/sagradopontevedra.es\/biblioteca\/wp-content\/uploads\/2018\/09\/IMG-20180929-WA0012-225x300.jpg\" class=\"attachment-medium size-medium\" alt=\"\" srcset=\"https:\/\/sagradopontevedra.es\/biblioteca\/wp-content\/uploads\/2018\/09\/IMG-20180929-WA0012-225x300.jpg 225w, https:\/\/sagradopontevedra.es\/biblioteca\/wp-content\/uploads\/2018\/09\/IMG-20180929-WA0012-768x1024.jpg 768w, https:\/\/sagradopontevedra.es\/biblioteca\/wp-content\/uploads\/2018\/09\/IMG-20180929-WA0012-203x270.jpg 203w, https:\/\/sagradopontevedra.es\/biblioteca\/wp-content\/uploads\/2018\/09\/IMG-20180929-WA0012.jpg 1200w\" sizes=\"auto, (max-width: 225px) 100vw, 225px\" \/><\/a>\n\t\t\t<\/div><\/figure><figure class='gallery-item'>\n\t\t\t<div class='gallery-icon landscape'>\n\t\t\t\t<a href='https:\/\/sagradopontevedra.es\/biblioteca\/uncategorized\/dia-europeo-das-linguas\/attachment\/img-20180929-wa0011\/'><img loading=\"lazy\" decoding=\"async\" width=\"300\" height=\"225\" src=\"https:\/\/sagradopontevedra.es\/biblioteca\/wp-content\/uploads\/2018\/09\/IMG-20180929-WA0011-300x225.jpg\" class=\"attachment-medium size-medium\" alt=\"\" srcset=\"https:\/\/sagradopontevedra.es\/biblioteca\/wp-content\/uploads\/2018\/09\/IMG-20180929-WA0011-300x225.jpg 300w, https:\/\/sagradopontevedra.es\/biblioteca\/wp-content\/uploads\/2018\/09\/IMG-20180929-WA0011-768x576.jpg 768w, https:\/\/sagradopontevedra.es\/biblioteca\/wp-content\/uploads\/2018\/09\/IMG-20180929-WA0011-1024x768.jpg 1024w, https:\/\/sagradopontevedra.es\/biblioteca\/wp-content\/uploads\/2018\/09\/IMG-20180929-WA0011-360x270.jpg 360w, https:\/\/sagradopontevedra.es\/biblioteca\/wp-content\/uploads\/2018\/09\/IMG-20180929-WA0011.jpg 1600w\" sizes=\"auto, (max-width: 300px) 100vw, 300px\" \/><\/a>\n\t\t\t<\/div><\/figure><figure class='gallery-item'>\n\t\t\t<div class='gallery-icon portrait'>\n\t\t\t\t<a href='https:\/\/sagradopontevedra.es\/biblioteca\/uncategorized\/dia-europeo-das-linguas\/attachment\/img-20180929-wa0010\/'><img loading=\"lazy\" decoding=\"async\" width=\"225\" height=\"300\" src=\"https:\/\/sagradopontevedra.es\/biblioteca\/wp-content\/uploads\/2018\/09\/IMG-20180929-WA0010-225x300.jpg\" class=\"attachment-medium size-medium\" alt=\"\" srcset=\"https:\/\/sagradopontevedra.es\/biblioteca\/wp-content\/uploads\/2018\/09\/IMG-20180929-WA0010-225x300.jpg 225w, https:\/\/sagradopontevedra.es\/biblioteca\/wp-content\/uploads\/2018\/09\/IMG-20180929-WA0010.jpg 768w, https:\/\/sagradopontevedra.es\/biblioteca\/wp-content\/uploads\/2018\/09\/IMG-20180929-WA0010-203x270.jpg 203w\" sizes=\"auto, (max-width: 225px) 100vw, 225px\" \/><\/a>\n\t\t\t<\/div><\/figure><figure class='gallery-item'>\n\t\t\t<div class='gallery-icon portrait'>\n\t\t\t\t<a href='https:\/\/sagradopontevedra.es\/biblioteca\/uncategorized\/dia-europeo-das-linguas\/attachment\/img_20180925_131214100\/'><img loading=\"lazy\" decoding=\"async\" width=\"225\" height=\"300\" src=\"https:\/\/sagradopontevedra.es\/biblioteca\/wp-content\/uploads\/2018\/09\/IMG_20180925_131214100-225x300.jpg\" class=\"attachment-medium size-medium\" alt=\"\" srcset=\"https:\/\/sagradopontevedra.es\/biblioteca\/wp-content\/uploads\/2018\/09\/IMG_20180925_131214100-225x300.jpg 225w, https:\/\/sagradopontevedra.es\/biblioteca\/wp-content\/uploads\/2018\/09\/IMG_20180925_131214100-768x1024.jpg 768w, https:\/\/sagradopontevedra.es\/biblioteca\/wp-content\/uploads\/2018\/09\/IMG_20180925_131214100-203x270.jpg 203w\" sizes=\"auto, (max-width: 225px) 100vw, 225px\" \/><\/a>\n\t\t\t<\/div><\/figure><figure class='gallery-item'>\n\t\t\t<div class='gallery-icon portrait'>\n\t\t\t\t<a href='https:\/\/sagradopontevedra.es\/biblioteca\/uncategorized\/dia-europeo-das-linguas\/attachment\/img-20180929-wa0007\/'><img loading=\"lazy\" decoding=\"async\" width=\"225\" height=\"300\" src=\"https:\/\/sagradopontevedra.es\/biblioteca\/wp-content\/uploads\/2018\/09\/IMG-20180929-WA0007-225x300.jpg\" class=\"attachment-medium size-medium\" alt=\"\" srcset=\"https:\/\/sagradopontevedra.es\/biblioteca\/wp-content\/uploads\/2018\/09\/IMG-20180929-WA0007-225x300.jpg 225w, https:\/\/sagradopontevedra.es\/biblioteca\/wp-content\/uploads\/2018\/09\/IMG-20180929-WA0007-768x1024.jpg 768w, https:\/\/sagradopontevedra.es\/biblioteca\/wp-content\/uploads\/2018\/09\/IMG-20180929-WA0007-203x270.jpg 203w, https:\/\/sagradopontevedra.es\/biblioteca\/wp-content\/uploads\/2018\/09\/IMG-20180929-WA0007.jpg 1200w\" sizes=\"auto, (max-width: 225px) 100vw, 225px\" \/><\/a>\n\t\t\t<\/div><\/figure><figure class='gallery-item'>\n\t\t\t<div class='gallery-icon portrait'>\n\t\t\t\t<a href='https:\/\/sagradopontevedra.es\/biblioteca\/uncategorized\/dia-europeo-das-linguas\/attachment\/img-20180929-wa0008\/'><img loading=\"lazy\" decoding=\"async\" width=\"225\" height=\"300\" src=\"https:\/\/sagradopontevedra.es\/biblioteca\/wp-content\/uploads\/2018\/09\/IMG-20180929-WA0008-225x300.jpg\" class=\"attachment-medium size-medium\" alt=\"\" srcset=\"https:\/\/sagradopontevedra.es\/biblioteca\/wp-content\/uploads\/2018\/09\/IMG-20180929-WA0008-225x300.jpg 225w, https:\/\/sagradopontevedra.es\/biblioteca\/wp-content\/uploads\/2018\/09\/IMG-20180929-WA0008.jpg 768w, https:\/\/sagradopontevedra.es\/biblioteca\/wp-content\/uploads\/2018\/09\/IMG-20180929-WA0008-203x270.jpg 203w\" sizes=\"auto, (max-width: 225px) 100vw, 225px\" \/><\/a>\n\t\t\t<\/div><\/figure><figure class='gallery-item'>\n\t\t\t<div class='gallery-icon portrait'>\n\t\t\t\t<a href='https:\/\/sagradopontevedra.es\/biblioteca\/uncategorized\/dia-europeo-das-linguas\/attachment\/img-20180929-wa0009\/'><img loading=\"lazy\" decoding=\"async\" width=\"224\" height=\"300\" src=\"https:\/\/sagradopontevedra.es\/biblioteca\/wp-content\/uploads\/2018\/09\/IMG-20180929-WA0009-224x300.jpg\" class=\"attachment-medium size-medium\" alt=\"\" srcset=\"https:\/\/sagradopontevedra.es\/biblioteca\/wp-content\/uploads\/2018\/09\/IMG-20180929-WA0009-224x300.jpg 224w, https:\/\/sagradopontevedra.es\/biblioteca\/wp-content\/uploads\/2018\/09\/IMG-20180929-WA0009-768x1027.jpg 768w, https:\/\/sagradopontevedra.es\/biblioteca\/wp-content\/uploads\/2018\/09\/IMG-20180929-WA0009-765x1024.jpg 765w, https:\/\/sagradopontevedra.es\/biblioteca\/wp-content\/uploads\/2018\/09\/IMG-20180929-WA0009-202x270.jpg 202w, https:\/\/sagradopontevedra.es\/biblioteca\/wp-content\/uploads\/2018\/09\/IMG-20180929-WA0009.jpg 1196w\" sizes=\"auto, (max-width: 224px) 100vw, 224px\" \/><\/a>\n\t\t\t<\/div><\/figure>\n\t\t<\/div>\n\n<p>&nbsp;<\/p>\n","protected":false},"excerpt":{"rendered":"<p>&nbsp; O 26 de setembro cel\u00e9brase o d\u00eda europeo das l\u00ednguas. Cunha sinxela actividade recordamos que a diversidade ling\u00fc\u00edstica \u00e9 un tesouro que hai que coidar e valorar. &nbsp; &nbsp;<\/p>\n","protected":false},"author":7,"featured_media":0,"comment_status":"open","ping_status":"open","sticky":false,"template":"","format":"standard","meta":{"footnotes":""},"categories":[1],"tags":[42,44],"class_list":["post-288","post","type-post","status-publish","format-standard","hentry","category-uncategorized","tag-curso-2018-2019","tag-dia-europeo-das-linguas"],"_links":{"self":[{"href":"https:\/\/sagradopontevedra.es\/biblioteca\/wp-json\/wp\/v2\/posts\/288","targetHints":{"allow":["GET"]}}],"collection":[{"href":"https:\/\/sagradopontevedra.es\/biblioteca\/wp-json\/wp\/v2\/posts"}],"about":[{"href":"https:\/\/sagradopontevedra.es\/biblioteca\/wp-json\/wp\/v2\/types\/post"}],"author":[{"embeddable":true,"href":"https:\/\/sagradopontevedra.es\/biblioteca\/wp-json\/wp\/v2\/users\/7"}],"replies":[{"embeddable":true,"href":"https:\/\/sagradopontevedra.es\/biblioteca\/wp-json\/wp\/v2\/comments?post=288"}],"version-history":[{"count":4,"href":"https:\/\/sagradopontevedra.es\/biblioteca\/wp-json\/wp\/v2\/posts\/288\/revisions"}],"predecessor-version":[{"id":305,"href":"https:\/\/sagradopontevedra.es\/biblioteca\/wp-json\/wp\/v2\/posts\/288\/revisions\/305"}],"wp:attachment":[{"href":"https:\/\/sagradopontevedra.es\/biblioteca\/wp-json\/wp\/v2\/media?parent=288"}],"wp:term":[{"taxonomy":"category","embeddable":true,"href":"https:\/\/sagradopontevedra.es\/biblioteca\/wp-json\/wp\/v2\/categories?post=288"},{"taxonomy":"post_tag","embeddable":true,"href":"https:\/\/sagradopontevedra.es\/biblioteca\/wp-json\/wp\/v2\/tags?post=288"}],"curies":[{"name":"wp","href":"https:\/\/api.w.org\/{rel}","templated":true}]}}