{"id":220,"date":"2018-04-21T20:13:20","date_gmt":"2018-04-21T20:13:20","guid":{"rendered":"http:\/\/sagradopontevedra.es\/biblioteca\/?p=220"},"modified":"2018-04-22T18:04:15","modified_gmt":"2018-04-22T18:04:15","slug":"entrevista-a","status":"publish","type":"post","link":"https:\/\/sagradopontevedra.es\/biblioteca\/uncategorized\/entrevista-a\/","title":{"rendered":"Entrevista a&#8230;"},"content":{"rendered":"<p style=\"text-align: center;\"><span style=\"color: #003366;\">Personalidades como: O xornalista Xabier Fortes, Pablo Dapena campi\u00f3n de Espa\u00f1a en triatlon , Ana Pastor presidenta do congreso dos deputados, fisioterapeutas do Teucro, xogadores de balonm\u00e1n, Jacobo Buceta e Paula Montes xornalistas ou o director do cole,&#8230;. Foron entrevistados polo noso alumnado. Todo un pracer e satisfacci\u00f3n contar coa vosa presenza. Grazas!<\/span><\/p>\n<div id='gallery-1' class='gallery galleryid-220 gallery-columns-2 gallery-size-large'><figure class='gallery-item'>\n\t\t\t<div class='gallery-icon portrait'>\n\t\t\t\t<a href='https:\/\/sagradopontevedra.es\/biblioteca\/uncategorized\/entrevista-a\/attachment\/img-20180421-wa0003\/'><img loading=\"lazy\" decoding=\"async\" width=\"640\" height=\"853\" src=\"https:\/\/sagradopontevedra.es\/biblioteca\/wp-content\/uploads\/2018\/04\/IMG-20180421-WA0003-768x1024.jpg\" class=\"attachment-large size-large\" alt=\"\" srcset=\"https:\/\/sagradopontevedra.es\/biblioteca\/wp-content\/uploads\/2018\/04\/IMG-20180421-WA0003.jpg 768w, https:\/\/sagradopontevedra.es\/biblioteca\/wp-content\/uploads\/2018\/04\/IMG-20180421-WA0003-225x300.jpg 225w, https:\/\/sagradopontevedra.es\/biblioteca\/wp-content\/uploads\/2018\/04\/IMG-20180421-WA0003-203x270.jpg 203w\" sizes=\"auto, (max-width: 640px) 100vw, 640px\" \/><\/a>\n\t\t\t<\/div><\/figure><figure class='gallery-item'>\n\t\t\t<div class='gallery-icon portrait'>\n\t\t\t\t<a href='https:\/\/sagradopontevedra.es\/biblioteca\/uncategorized\/entrevista-a\/attachment\/img-20180421-wa0002\/'><img loading=\"lazy\" decoding=\"async\" width=\"640\" height=\"853\" src=\"https:\/\/sagradopontevedra.es\/biblioteca\/wp-content\/uploads\/2018\/04\/IMG-20180421-WA0002-768x1024.jpg\" class=\"attachment-large size-large\" alt=\"\" srcset=\"https:\/\/sagradopontevedra.es\/biblioteca\/wp-content\/uploads\/2018\/04\/IMG-20180421-WA0002-768x1024.jpg 768w, https:\/\/sagradopontevedra.es\/biblioteca\/wp-content\/uploads\/2018\/04\/IMG-20180421-WA0002-225x300.jpg 225w, https:\/\/sagradopontevedra.es\/biblioteca\/wp-content\/uploads\/2018\/04\/IMG-20180421-WA0002-203x270.jpg 203w, https:\/\/sagradopontevedra.es\/biblioteca\/wp-content\/uploads\/2018\/04\/IMG-20180421-WA0002.jpg 1200w\" sizes=\"auto, (max-width: 640px) 100vw, 640px\" \/><\/a>\n\t\t\t<\/div><\/figure><figure class='gallery-item'>\n\t\t\t<div class='gallery-icon landscape'>\n\t\t\t\t<a href='https:\/\/sagradopontevedra.es\/biblioteca\/uncategorized\/entrevista-a\/attachment\/img-20180421-wa0006\/'><img loading=\"lazy\" decoding=\"async\" width=\"640\" height=\"480\" src=\"https:\/\/sagradopontevedra.es\/biblioteca\/wp-content\/uploads\/2018\/04\/IMG-20180421-WA0006-1024x768.jpg\" class=\"attachment-large size-large\" alt=\"\" srcset=\"https:\/\/sagradopontevedra.es\/biblioteca\/wp-content\/uploads\/2018\/04\/IMG-20180421-WA0006.jpg 1024w, https:\/\/sagradopontevedra.es\/biblioteca\/wp-content\/uploads\/2018\/04\/IMG-20180421-WA0006-300x225.jpg 300w, https:\/\/sagradopontevedra.es\/biblioteca\/wp-content\/uploads\/2018\/04\/IMG-20180421-WA0006-768x576.jpg 768w, https:\/\/sagradopontevedra.es\/biblioteca\/wp-content\/uploads\/2018\/04\/IMG-20180421-WA0006-360x270.jpg 360w\" sizes=\"auto, (max-width: 640px) 100vw, 640px\" \/><\/a>\n\t\t\t<\/div><\/figure><figure class='gallery-item'>\n\t\t\t<div class='gallery-icon landscape'>\n\t\t\t\t<a href='https:\/\/sagradopontevedra.es\/biblioteca\/uncategorized\/entrevista-a\/attachment\/img-20180421-wa0004\/'><img loading=\"lazy\" decoding=\"async\" width=\"640\" height=\"480\" src=\"https:\/\/sagradopontevedra.es\/biblioteca\/wp-content\/uploads\/2018\/04\/IMG-20180421-WA0004-1024x768.jpg\" class=\"attachment-large size-large\" alt=\"\" srcset=\"https:\/\/sagradopontevedra.es\/biblioteca\/wp-content\/uploads\/2018\/04\/IMG-20180421-WA0004-1024x768.jpg 1024w, https:\/\/sagradopontevedra.es\/biblioteca\/wp-content\/uploads\/2018\/04\/IMG-20180421-WA0004-300x225.jpg 300w, https:\/\/sagradopontevedra.es\/biblioteca\/wp-content\/uploads\/2018\/04\/IMG-20180421-WA0004-768x576.jpg 768w, https:\/\/sagradopontevedra.es\/biblioteca\/wp-content\/uploads\/2018\/04\/IMG-20180421-WA0004-360x270.jpg 360w, https:\/\/sagradopontevedra.es\/biblioteca\/wp-content\/uploads\/2018\/04\/IMG-20180421-WA0004.jpg 1600w\" sizes=\"auto, (max-width: 640px) 100vw, 640px\" \/><\/a>\n\t\t\t<\/div><\/figure><figure class='gallery-item'>\n\t\t\t<div class='gallery-icon landscape'>\n\t\t\t\t<a href='https:\/\/sagradopontevedra.es\/biblioteca\/uncategorized\/entrevista-a\/attachment\/img-20180421-wa0005\/'><img loading=\"lazy\" decoding=\"async\" width=\"640\" height=\"480\" src=\"https:\/\/sagradopontevedra.es\/biblioteca\/wp-content\/uploads\/2018\/04\/IMG-20180421-WA0005-1024x768.jpg\" class=\"attachment-large size-large\" alt=\"\" srcset=\"https:\/\/sagradopontevedra.es\/biblioteca\/wp-content\/uploads\/2018\/04\/IMG-20180421-WA0005-1024x768.jpg 1024w, https:\/\/sagradopontevedra.es\/biblioteca\/wp-content\/uploads\/2018\/04\/IMG-20180421-WA0005-300x225.jpg 300w, https:\/\/sagradopontevedra.es\/biblioteca\/wp-content\/uploads\/2018\/04\/IMG-20180421-WA0005-768x576.jpg 768w, https:\/\/sagradopontevedra.es\/biblioteca\/wp-content\/uploads\/2018\/04\/IMG-20180421-WA0005-360x270.jpg 360w, https:\/\/sagradopontevedra.es\/biblioteca\/wp-content\/uploads\/2018\/04\/IMG-20180421-WA0005.jpg 1600w\" sizes=\"auto, (max-width: 640px) 100vw, 640px\" \/><\/a>\n\t\t\t<\/div><\/figure><figure class='gallery-item'>\n\t\t\t<div class='gallery-icon portrait'>\n\t\t\t\t<a href='https:\/\/sagradopontevedra.es\/biblioteca\/uncategorized\/entrevista-a\/attachment\/img-20180421-wa0001\/'><img loading=\"lazy\" decoding=\"async\" width=\"640\" height=\"853\" src=\"https:\/\/sagradopontevedra.es\/biblioteca\/wp-content\/uploads\/2018\/04\/IMG-20180421-WA0001-768x1024.jpg\" class=\"attachment-large size-large\" alt=\"\" srcset=\"https:\/\/sagradopontevedra.es\/biblioteca\/wp-content\/uploads\/2018\/04\/IMG-20180421-WA0001-768x1024.jpg 768w, https:\/\/sagradopontevedra.es\/biblioteca\/wp-content\/uploads\/2018\/04\/IMG-20180421-WA0001-225x300.jpg 225w, https:\/\/sagradopontevedra.es\/biblioteca\/wp-content\/uploads\/2018\/04\/IMG-20180421-WA0001-203x270.jpg 203w, https:\/\/sagradopontevedra.es\/biblioteca\/wp-content\/uploads\/2018\/04\/IMG-20180421-WA0001.jpg 1200w\" sizes=\"auto, (max-width: 640px) 100vw, 640px\" \/><\/a>\n\t\t\t<\/div><\/figure>\n\t\t<\/div>\n\n<p>&nbsp;<\/p>\n","protected":false},"excerpt":{"rendered":"<p>Personalidades como: O xornalista Xabier Fortes, Pablo Dapena campi\u00f3n de Espa\u00f1a en triatlon , Ana Pastor presidenta do congreso dos deputados, fisioterapeutas do Teucro, xogadores de balonm\u00e1n, Jacobo Buceta e Paula Montes xornalistas ou o director do cole,&#8230;. Foron entrevistados polo noso alumnado. Todo un pracer e satisfacci\u00f3n contar coa vosa presenza. Grazas! &nbsp;<\/p>\n","protected":false},"author":2,"featured_media":0,"comment_status":"open","ping_status":"open","sticky":false,"template":"","format":"standard","meta":{"footnotes":""},"categories":[1],"tags":[32,24,29,30,31],"class_list":["post-220","post","type-post","status-publish","format-standard","hentry","category-uncategorized","tag-ana-partor","tag-curso-2017-2018","tag-entrevistas","tag-faro-da-escola","tag-xabier-fortes"],"_links":{"self":[{"href":"https:\/\/sagradopontevedra.es\/biblioteca\/wp-json\/wp\/v2\/posts\/220","targetHints":{"allow":["GET"]}}],"collection":[{"href":"https:\/\/sagradopontevedra.es\/biblioteca\/wp-json\/wp\/v2\/posts"}],"about":[{"href":"https:\/\/sagradopontevedra.es\/biblioteca\/wp-json\/wp\/v2\/types\/post"}],"author":[{"embeddable":true,"href":"https:\/\/sagradopontevedra.es\/biblioteca\/wp-json\/wp\/v2\/users\/2"}],"replies":[{"embeddable":true,"href":"https:\/\/sagradopontevedra.es\/biblioteca\/wp-json\/wp\/v2\/comments?post=220"}],"version-history":[{"count":6,"href":"https:\/\/sagradopontevedra.es\/biblioteca\/wp-json\/wp\/v2\/posts\/220\/revisions"}],"predecessor-version":[{"id":234,"href":"https:\/\/sagradopontevedra.es\/biblioteca\/wp-json\/wp\/v2\/posts\/220\/revisions\/234"}],"wp:attachment":[{"href":"https:\/\/sagradopontevedra.es\/biblioteca\/wp-json\/wp\/v2\/media?parent=220"}],"wp:term":[{"taxonomy":"category","embeddable":true,"href":"https:\/\/sagradopontevedra.es\/biblioteca\/wp-json\/wp\/v2\/categories?post=220"},{"taxonomy":"post_tag","embeddable":true,"href":"https:\/\/sagradopontevedra.es\/biblioteca\/wp-json\/wp\/v2\/tags?post=220"}],"curies":[{"name":"wp","href":"https:\/\/api.w.org\/{rel}","templated":true}]}}