{"id":1259,"date":"2023-11-30T17:24:00","date_gmt":"2023-11-30T17:24:00","guid":{"rendered":"http:\/\/sagradopontevedra.es\/biblioteca\/?p=1259"},"modified":"2024-02-28T17:35:19","modified_gmt":"2024-02-28T17:35:19","slug":"contacontos-no-sagrado","status":"publish","type":"post","link":"https:\/\/sagradopontevedra.es\/biblioteca\/contos-en-familia\/contacontos-no-sagrado\/","title":{"rendered":"Contacontos no Sagrado"},"content":{"rendered":"\n<p>Os m\u00e9rcores do mes de novembro levouse a cabo unha actividade de contacontos convidando aos nenos e nenas das Escolas Infant\u00eds da cidade de Pontevedra. <\/p>\n\n\n\n<p>A continuaci\u00f3n, podedes ver algunhas fotos. <\/p>\n\n\n\n<figure class=\"wp-block-gallery columns-3 is-cropped wp-block-gallery-1 is-layout-flex wp-block-gallery-is-layout-flex\"><ul class=\"blocks-gallery-grid\"><li class=\"blocks-gallery-item\"><figure><a href=\"http:\/\/sagradopontevedra.es\/biblioteca\/wp-content\/uploads\/2024\/02\/IMG-20231129-WA0008-1.jpg\"><img loading=\"lazy\" decoding=\"async\" width=\"472\" height=\"1024\" src=\"http:\/\/sagradopontevedra.es\/biblioteca\/wp-content\/uploads\/2024\/02\/IMG-20231129-WA0008-1-472x1024.jpg\" alt=\"\" data-id=\"1265\" data-full-url=\"http:\/\/sagradopontevedra.es\/biblioteca\/wp-content\/uploads\/2024\/02\/IMG-20231129-WA0008-1.jpg\" data-link=\"http:\/\/sagradopontevedra.es\/biblioteca\/?attachment_id=1265\" class=\"wp-image-1265\" srcset=\"https:\/\/sagradopontevedra.es\/biblioteca\/wp-content\/uploads\/2024\/02\/IMG-20231129-WA0008-1-472x1024.jpg 472w, https:\/\/sagradopontevedra.es\/biblioteca\/wp-content\/uploads\/2024\/02\/IMG-20231129-WA0008-1-138x300.jpg 138w, https:\/\/sagradopontevedra.es\/biblioteca\/wp-content\/uploads\/2024\/02\/IMG-20231129-WA0008-1-768x1666.jpg 768w, https:\/\/sagradopontevedra.es\/biblioteca\/wp-content\/uploads\/2024\/02\/IMG-20231129-WA0008-1-708x1536.jpg 708w, https:\/\/sagradopontevedra.es\/biblioteca\/wp-content\/uploads\/2024\/02\/IMG-20231129-WA0008-1-124x270.jpg 124w, https:\/\/sagradopontevedra.es\/biblioteca\/wp-content\/uploads\/2024\/02\/IMG-20231129-WA0008-1.jpg 922w\" sizes=\"auto, (max-width: 472px) 100vw, 472px\" \/><\/a><\/figure><\/li><li class=\"blocks-gallery-item\"><figure><a href=\"http:\/\/sagradopontevedra.es\/biblioteca\/wp-content\/uploads\/2024\/02\/IMG-20231115-WA0013-768x1024.jpg\"><img loading=\"lazy\" decoding=\"async\" width=\"768\" height=\"1024\" src=\"http:\/\/sagradopontevedra.es\/biblioteca\/wp-content\/uploads\/2024\/02\/IMG-20231115-WA0013-768x1024.jpg\" alt=\"\" data-id=\"1261\" data-link=\"http:\/\/sagradopontevedra.es\/biblioteca\/?attachment_id=1261\" class=\"wp-image-1261\" srcset=\"https:\/\/sagradopontevedra.es\/biblioteca\/wp-content\/uploads\/2024\/02\/IMG-20231115-WA0013-768x1024.jpg 768w, https:\/\/sagradopontevedra.es\/biblioteca\/wp-content\/uploads\/2024\/02\/IMG-20231115-WA0013-225x300.jpg 225w, https:\/\/sagradopontevedra.es\/biblioteca\/wp-content\/uploads\/2024\/02\/IMG-20231115-WA0013-1152x1536.jpg 1152w, https:\/\/sagradopontevedra.es\/biblioteca\/wp-content\/uploads\/2024\/02\/IMG-20231115-WA0013-203x270.jpg 203w, https:\/\/sagradopontevedra.es\/biblioteca\/wp-content\/uploads\/2024\/02\/IMG-20231115-WA0013.jpg 1536w\" sizes=\"auto, (max-width: 768px) 100vw, 768px\" \/><\/a><\/figure><\/li><li class=\"blocks-gallery-item\"><figure><a href=\"http:\/\/sagradopontevedra.es\/biblioteca\/wp-content\/uploads\/2024\/02\/IMG-20231123-WA0026-768x1024.jpg\"><img loading=\"lazy\" decoding=\"async\" width=\"768\" height=\"1024\" src=\"http:\/\/sagradopontevedra.es\/biblioteca\/wp-content\/uploads\/2024\/02\/IMG-20231123-WA0026-768x1024.jpg\" alt=\"\" data-id=\"1262\" data-link=\"http:\/\/sagradopontevedra.es\/biblioteca\/?attachment_id=1262\" class=\"wp-image-1262\" srcset=\"https:\/\/sagradopontevedra.es\/biblioteca\/wp-content\/uploads\/2024\/02\/IMG-20231123-WA0026-768x1024.jpg 768w, https:\/\/sagradopontevedra.es\/biblioteca\/wp-content\/uploads\/2024\/02\/IMG-20231123-WA0026-225x300.jpg 225w, https:\/\/sagradopontevedra.es\/biblioteca\/wp-content\/uploads\/2024\/02\/IMG-20231123-WA0026-1152x1536.jpg 1152w, https:\/\/sagradopontevedra.es\/biblioteca\/wp-content\/uploads\/2024\/02\/IMG-20231123-WA0026-1536x2048.jpg 1536w, https:\/\/sagradopontevedra.es\/biblioteca\/wp-content\/uploads\/2024\/02\/IMG-20231123-WA0026-203x270.jpg 203w, https:\/\/sagradopontevedra.es\/biblioteca\/wp-content\/uploads\/2024\/02\/IMG-20231123-WA0026-scaled.jpg 1920w\" sizes=\"auto, (max-width: 768px) 100vw, 768px\" \/><\/a><\/figure><\/li><li class=\"blocks-gallery-item\"><figure><a href=\"http:\/\/sagradopontevedra.es\/biblioteca\/wp-content\/uploads\/2024\/02\/IMG-20231108-WA0014-1.jpg\"><img loading=\"lazy\" decoding=\"async\" width=\"768\" height=\"1024\" src=\"http:\/\/sagradopontevedra.es\/biblioteca\/wp-content\/uploads\/2024\/02\/IMG-20231108-WA0014-1-768x1024.jpg\" alt=\"\" data-id=\"1264\" data-full-url=\"http:\/\/sagradopontevedra.es\/biblioteca\/wp-content\/uploads\/2024\/02\/IMG-20231108-WA0014-1.jpg\" data-link=\"http:\/\/sagradopontevedra.es\/biblioteca\/?attachment_id=1264\" class=\"wp-image-1264\" srcset=\"https:\/\/sagradopontevedra.es\/biblioteca\/wp-content\/uploads\/2024\/02\/IMG-20231108-WA0014-1-768x1024.jpg 768w, https:\/\/sagradopontevedra.es\/biblioteca\/wp-content\/uploads\/2024\/02\/IMG-20231108-WA0014-1-225x300.jpg 225w, https:\/\/sagradopontevedra.es\/biblioteca\/wp-content\/uploads\/2024\/02\/IMG-20231108-WA0014-1-1152x1536.jpg 1152w, https:\/\/sagradopontevedra.es\/biblioteca\/wp-content\/uploads\/2024\/02\/IMG-20231108-WA0014-1-203x270.jpg 203w, https:\/\/sagradopontevedra.es\/biblioteca\/wp-content\/uploads\/2024\/02\/IMG-20231108-WA0014-1.jpg 1200w\" sizes=\"auto, (max-width: 768px) 100vw, 768px\" \/><\/a><\/figure><\/li><\/ul><\/figure>\n\n\n\n<p> <\/p>\n","protected":false},"excerpt":{"rendered":"<p>Os m\u00e9rcores do mes de novembro levouse a cabo unha actividade de contacontos convidando aos nenos e nenas das Escolas Infant\u00eds da cidade de Pontevedra. A continuaci\u00f3n, podedes ver algunhas fotos.<\/p>\n","protected":false},"author":10,"featured_media":0,"comment_status":"open","ping_status":"open","sticky":false,"template":"","format":"standard","meta":{"footnotes":""},"categories":[106],"tags":[7,119,109],"class_list":["post-1259","post","type-post","status-publish","format-standard","hentry","category-contos-en-familia","tag-contacontos","tag-curso-2023-2024","tag-familia"],"_links":{"self":[{"href":"https:\/\/sagradopontevedra.es\/biblioteca\/wp-json\/wp\/v2\/posts\/1259","targetHints":{"allow":["GET"]}}],"collection":[{"href":"https:\/\/sagradopontevedra.es\/biblioteca\/wp-json\/wp\/v2\/posts"}],"about":[{"href":"https:\/\/sagradopontevedra.es\/biblioteca\/wp-json\/wp\/v2\/types\/post"}],"author":[{"embeddable":true,"href":"https:\/\/sagradopontevedra.es\/biblioteca\/wp-json\/wp\/v2\/users\/10"}],"replies":[{"embeddable":true,"href":"https:\/\/sagradopontevedra.es\/biblioteca\/wp-json\/wp\/v2\/comments?post=1259"}],"version-history":[{"count":1,"href":"https:\/\/sagradopontevedra.es\/biblioteca\/wp-json\/wp\/v2\/posts\/1259\/revisions"}],"predecessor-version":[{"id":1266,"href":"https:\/\/sagradopontevedra.es\/biblioteca\/wp-json\/wp\/v2\/posts\/1259\/revisions\/1266"}],"wp:attachment":[{"href":"https:\/\/sagradopontevedra.es\/biblioteca\/wp-json\/wp\/v2\/media?parent=1259"}],"wp:term":[{"taxonomy":"category","embeddable":true,"href":"https:\/\/sagradopontevedra.es\/biblioteca\/wp-json\/wp\/v2\/categories?post=1259"},{"taxonomy":"post_tag","embeddable":true,"href":"https:\/\/sagradopontevedra.es\/biblioteca\/wp-json\/wp\/v2\/tags?post=1259"}],"curies":[{"name":"wp","href":"https:\/\/api.w.org\/{rel}","templated":true}]}}